{"id":1371,"date":"2023-11-27T09:47:48","date_gmt":"2023-11-27T06:47:48","guid":{"rendered":"https:\/\/finearts.bilkent.edu.tr\/?p=1371"},"modified":"2023-12-18T08:56:42","modified_gmt":"2023-12-18T05:56:42","slug":"ardan-ozmenoglus-ataturk-portraits-celebrating-the-100th-anniversary-of-the-republic","status":"publish","type":"post","link":"https:\/\/finearts.bilkent.edu.tr\/index.php\/2023\/11\/27\/ardan-ozmenoglus-ataturk-portraits-celebrating-the-100th-anniversary-of-the-republic\/","title":{"rendered":"Ardan \u00d6zmeno\u011flu&#8217;s Atat\u00fcrk Portraits: Celebrating the 100th Anniversary of the Republic"},"content":{"rendered":"<p><img loading=\"lazy\" class=\"alignnone size-medium wp-image-1376\" src=\"https:\/\/finearts.bilkent.edu.tr\/wp-content\/uploads\/2023\/11\/ardan_ozmenoglu-5-225x300.jpeg\" alt=\"\" width=\"225\" height=\"300\" \/> <img loading=\"lazy\" class=\"alignnone size-medium wp-image-1375\" src=\"https:\/\/finearts.bilkent.edu.tr\/wp-content\/uploads\/2023\/11\/ardan_ozmenoglu-4-225x300.jpeg\" alt=\"\" width=\"225\" height=\"300\" \/> <img loading=\"lazy\" class=\"alignnone size-medium wp-image-1374\" src=\"https:\/\/finearts.bilkent.edu.tr\/wp-content\/uploads\/2023\/11\/ardan_ozmenoglu-3-225x300.jpeg\" alt=\"\" width=\"225\" height=\"300\" \/> <img loading=\"lazy\" class=\"alignnone size-medium wp-image-1372\" src=\"https:\/\/finearts.bilkent.edu.tr\/wp-content\/uploads\/2023\/11\/ardan_ozmenoglu-1-225x300.jpeg\" alt=\"\" width=\"225\" height=\"300\" \/> <img loading=\"lazy\" class=\"alignnone size-medium wp-image-1373\" src=\"https:\/\/finearts.bilkent.edu.tr\/wp-content\/uploads\/2023\/11\/ardan_ozmenoglu-2-225x300.jpeg\" alt=\"\" width=\"225\" height=\"300\" \/><\/p>\n<p>&nbsp;<\/p>\n<p>In commemoration of the 100th anniversary of the Republic of Turkey, Ardan \u00d6zmeno\u011flu, a worldwide contemporary artist, held a five-day workshop at the Faculty of Fine Arts, Design and Architecture. The first of this impressive series is a 10&#215;1.5 m photograph of Ataturk, created using post-it notes. Although this mosaic-style work appears as a colorful whole from a distance, up close it becomes an art piece with various meanings. The portrait, named &#8220;The Greatest Holiday,&#8221; is on temporary display in the \u0130\u0130SBF building and will later be hosted by the FF. Another product of the workshop was created by transferring portraits of Atat\u00fcrk, showing his smile and charismatic well-being, onto 50&#215;70 cm sized papers using the silk printing technique. The work, a combination of 18 separate portraits, is exhibited in the FC building.<\/p>\n<p>Ardan \u00d6zmeno\u011flu received her BA and MFA from Bilkent University, Faculty of Fine Arts, Design and Architecture. Her works mainly consist of site-specific installations, paintings and transparent glass sculptures that she creates using original screen-printing techniques on different material surfaces.\u00a0\u00d6zmeno\u011flu\u2019s artworks can be found in important collections internationally, such as the Hort Collection NYC, Naked Heart Foundation, the Frankfurt Airport Collection, the Osthaus Museum Hagen Collection, the Kala Art Institute Collection, the Borusan Contemporary Art Collection, the UniCredit Bank Art collection, the Fondation Jan Michalski Collection, the Imoga Mundi (Benetton) Collection and the Istanbul Modern Museum Collection.<\/p>\n","protected":false},"excerpt":{"rendered":"<p>&nbsp; In commemoration of the 100th anniversary of the Republic of Turkey, Ardan \u00d6zmeno\u011flu, a worldwide contemporary artist, held a five-day workshop at the Faculty of Fine Arts, Design and Architecture. The first of this impressive series is a 10&#215;1.5 m photograph of Ataturk, created using post-it notes. Although this mosaic-style work appears as a [&hellip;]<\/p>\n","protected":false},"author":2,"featured_media":1374,"comment_status":"closed","ping_status":"closed","sticky":false,"template":"","format":"standard","meta":{"_et_pb_use_builder":"","_et_pb_old_content":"","_et_gb_content_width":""},"categories":[35],"tags":[],"_links":{"self":[{"href":"https:\/\/finearts.bilkent.edu.tr\/index.php\/wp-json\/wp\/v2\/posts\/1371"}],"collection":[{"href":"https:\/\/finearts.bilkent.edu.tr\/index.php\/wp-json\/wp\/v2\/posts"}],"about":[{"href":"https:\/\/finearts.bilkent.edu.tr\/index.php\/wp-json\/wp\/v2\/types\/post"}],"author":[{"embeddable":true,"href":"https:\/\/finearts.bilkent.edu.tr\/index.php\/wp-json\/wp\/v2\/users\/2"}],"replies":[{"embeddable":true,"href":"https:\/\/finearts.bilkent.edu.tr\/index.php\/wp-json\/wp\/v2\/comments?post=1371"}],"version-history":[{"count":1,"href":"https:\/\/finearts.bilkent.edu.tr\/index.php\/wp-json\/wp\/v2\/posts\/1371\/revisions"}],"predecessor-version":[{"id":1377,"href":"https:\/\/finearts.bilkent.edu.tr\/index.php\/wp-json\/wp\/v2\/posts\/1371\/revisions\/1377"}],"wp:featuredmedia":[{"embeddable":true,"href":"https:\/\/finearts.bilkent.edu.tr\/index.php\/wp-json\/wp\/v2\/media\/1374"}],"wp:attachment":[{"href":"https:\/\/finearts.bilkent.edu.tr\/index.php\/wp-json\/wp\/v2\/media?parent=1371"}],"wp:term":[{"taxonomy":"category","embeddable":true,"href":"https:\/\/finearts.bilkent.edu.tr\/index.php\/wp-json\/wp\/v2\/categories?post=1371"},{"taxonomy":"post_tag","embeddable":true,"href":"https:\/\/finearts.bilkent.edu.tr\/index.php\/wp-json\/wp\/v2\/tags?post=1371"}],"curies":[{"name":"wp","href":"https:\/\/api.w.org\/{rel}","templated":true}]}}